[{"@context":"https:\/\/schema.org\/","@type":"Article","@id":"https:\/\/www.demaster.cz\/konecne-svoboda-pro-telo-i-ducha\/#Article","mainEntityOfPage":"https:\/\/www.demaster.cz\/konecne-svoboda-pro-telo-i-ducha\/","headline":"Kone\u010dn\u011b svoboda pro t\u011blo i ducha","name":"Kone\u010dn\u011b svoboda pro t\u011blo i ducha","description":"U\u017e jste se n\u011bkdy zamyslely, v\u00e1\u017een\u00e9 d\u00e1my, nad t\u00edm, jak se n\u011bkter\u00e9 oble\u010den\u00ed m\u011bn\u00ed? Asi ano, kter\u00e1 \u017eena nesleduje nejnov\u011bj\u0161\u00ed trendy v obl\u00e9k\u00e1n\u00ed. J\u00e1 m\u00e1m ale na mysli jeden druh oble\u010den\u00ed. Jsou to letn\u00ed \u0161aty. Ty vlastn\u011b tak starou historii nemaj\u00ed. &#8211;\u00a0\u00a0\u00a0\u00a0\u00a0\u00a0\u00a0\u00a0 Na p\u0159elomu devaten\u00e1ct\u00e9ho a dvac\u00e1t\u00e9ho stolet\u00ed tento pojem asi ani neexistoval. &#8211;\u00a0\u00a0\u00a0\u00a0\u00a0\u00a0\u00a0\u00a0 D\u00e1my [&hellip;]","datePublished":"2025-03-02","dateModified":"2023-04-29","author":{"@type":"Person","@id":"https:\/\/www.demaster.cz\/author\/#Person","name":"demaster.cz\n","url":"https:\/\/www.demaster.cz\/author\/","identifier":1,"image":{"@type":"ImageObject","@id":"https:\/\/secure.gravatar.com\/avatar\/bbaa4e9a58aac4329fe0ade0f3fb816f09f0dc43c21f6e884dccfbc124b16b29?s=96&d=mm&r=g","url":"https:\/\/secure.gravatar.com\/avatar\/bbaa4e9a58aac4329fe0ade0f3fb816f09f0dc43c21f6e884dccfbc124b16b29?s=96&d=mm&r=g","height":96,"width":96}},"publisher":{"@type":"Organization","name":"demaster.cz","logo":{"@type":"ImageObject","@id":"\/logo.png","url":"\/logo.png","width":600,"height":60}},"image":{"@type":"ImageObject","@id":"https:\/\/www.demaster.cz\/wp-content\/uploads\/img_a289661_w2070_t1501097710.jpg","url":"https:\/\/www.demaster.cz\/wp-content\/uploads\/img_a289661_w2070_t1501097710.jpg","height":0,"width":0},"url":"https:\/\/www.demaster.cz\/konecne-svoboda-pro-telo-i-ducha\/","about":["M\u00f3da"],"wordCount":434,"articleBody":"U\u017e jste se n\u011bkdy zamyslely, v\u00e1\u017een\u00e9 d\u00e1my, nad t\u00edm, jak se n\u011bkter\u00e9 oble\u010den\u00ed m\u011bn\u00ed? Asi ano, kter\u00e1 \u017eena nesleduje nejnov\u011bj\u0161\u00ed trendy v obl\u00e9k\u00e1n\u00ed. J\u00e1 m\u00e1m ale na mysli jeden druh oble\u010den\u00ed. Jsou to letn\u00ed \u0161aty. Ty vlastn\u011b tak starou historii nemaj\u00ed.&#8211;\u00a0\u00a0\u00a0\u00a0\u00a0\u00a0\u00a0\u00a0 Na p\u0159elomu devaten\u00e1ct\u00e9ho a dvac\u00e1t\u00e9ho stolet\u00ed tento pojem asi ani neexistoval.&#8211;\u00a0\u00a0\u00a0\u00a0\u00a0\u00a0\u00a0\u00a0 D\u00e1my chodily st\u00e1le stejn\u011b obl\u00e9kan\u00e9, jen v zim\u011b n\u011bco p\u0159idaly a v l\u00e9t\u011b ubraly.&#8211;\u00a0\u00a0\u00a0\u00a0\u00a0\u00a0\u00a0\u00a0 Jinak byly se\u0161n\u011brovan\u00e9 do korzet\u016f a na n\u011bm m\u011bly navrstven\u00e9 mno\u017estv\u00ed sukn\u00ed a spodni\u010dek.Kdy\u017e si p\u0159edstav\u00edm letn\u00ed t\u0159icetistup\u0148ov\u00e9 horko, tak se div\u00edm, \u017ee na ulici rovnou nepopadaly.A to i p\u0159esto, \u017ee se chr\u00e1nily slune\u010dn\u00edkem.\tV\u00e1lka dala \u017een\u00e1m kalhotyJak radostn\u011b asi uv\u00edtaly d\u00edvky dvac\u00e1t\u00e1 l\u00e9ta, kter\u00e1 jim p\u0159inesla letn\u00ed \u0161aty. Ale muselo se na to j\u00edt pomalu. Aby ty star\u0161\u00ed d\u00e1my, v\u011bku korzetov\u00e9ho, nebyly ura\u017eeny. Korzety tedy zmizely a kilometry l\u00e1tky nahradily jednoduch\u00e9 \u0161aty na ram\u00ednka. To, v \u010dem se je\u0161t\u011b nechv\u00e1talo, bylo zkracov\u00e1n\u00ed d\u00e9lky. Kdy\u017e koukala p\u016flka l\u00fdtka, bylo to a\u017e a\u017e. Zkracov\u00e1n\u00ed p\u0159i\u0161lo postupn\u011b z Pa\u0159\u00ed\u017ee a na\u0161e d\u00edvky se r\u00e1dy pod\u0159\u00eddily. V\u017edy\u0165 jsou emancipovan\u00e9. Maj\u00ed pr\u00e1vo volit, mohou si samy vyd\u011bl\u00e1vat. U\u017e nemusej\u00ed mu\u017ee poslouchat. Bohu\u017eel, p\u0159inesl trend stroh\u00fdch \u0161at\u016f i jeden vedlej\u0161\u00ed produkt.o\u00a0\u00a0 Jeliko\u017e takov\u00e9 \u0161aty v\u00edce odhaluj\u00ed, cht\u011bj\u00ed b\u00fdt \u017eeny co nej\u0161t\u00edhlej\u0161\u00ed.o\u00a0\u00a0 P\u0159ich\u00e1zej\u00ed ke slovu drastick\u00e9 diety.V\u00e1lka poznamen\u00e1 asi ka\u017ed\u00e9 lidsk\u00e9 kon\u00e1n\u00ed.A v\u011bt\u0161inou ne pr\u00e1v\u011b t\u00edm nejlep\u0161\u00edm zp\u016fsobem. T\u011b\u017eko \u0159\u00edci, jestli v oblasti m\u00f3dy letn\u00edch \u0161at\u016f u\u0161kodila. Jen je na nich vid\u011bt, \u017ee se muselo \u0161et\u0159it naprosto se v\u0161\u00edm. T\u00edm nechci samoz\u0159ejm\u011b \u0159\u00edci, \u017ee se vyr\u00e1b\u011bly miniaturn\u00ed \u0161aty. Jen si asi \u0161aty nemohla dovolit ka\u017ed\u00e1 \u017eena. V\u0161e bylo na p\u0159\u00edd\u011bl a \u017eeny se za\u010d\u00ednaj\u00ed obl\u00e9kat do prakti\u010dt\u011bj\u0161\u00edch kalhot. N\u011bkolik let po v\u00e1lce od\u011bvn\u00ed pr\u016fmysl op\u011bt nab\u00edz\u00ed d\u00edvk\u00e1m n\u00e1vrat k jejich p\u016fvab\u016fm. Letn\u00ed \u0161aty maj\u00ed kv\u011btinov\u00e9 vzory a maj\u00ed tvar p\u00edsmene A. D\u00edvka v nich m\u011bla vos\u00ed pas a \u0161irok\u00e9 boky.                                                                                                                                                                                                                                                                                                                                                                                        3.7\/5 - (6 votes)        "},{"@context":"https:\/\/schema.org\/","@type":"BreadcrumbList","itemListElement":[{"@type":"ListItem","position":1,"name":"Kone\u010dn\u011b svoboda pro t\u011blo i ducha","item":"https:\/\/www.demaster.cz\/konecne-svoboda-pro-telo-i-ducha\/#breadcrumbitem"}]}]