[{"@context":"https:\/\/schema.org\/","@type":"Article","@id":"https:\/\/www.demaster.cz\/planujete-letos-svatbu-a-vite-jake-saty-budou-v-kurzu\/#Article","mainEntityOfPage":"https:\/\/www.demaster.cz\/planujete-letos-svatbu-a-vite-jake-saty-budou-v-kurzu\/","headline":"Pl\u00e1nujete letos svatbu? A v\u00edte, jak\u00e9 \u0161aty budou v kurzu?","name":"Pl\u00e1nujete letos svatbu? A v\u00edte, jak\u00e9 \u0161aty budou v kurzu?","description":"Pl\u00e1nujete leto\u0161n\u00ed rok kone\u010dn\u011b svatbu a nev\u00edte, jak\u00e9 \u0161aty na takovou slavnostn\u00ed p\u0159\u00edle\u017eitost zvolit? Co se inspirovat t\u0159eba aktu\u00e1ln\u00edmi trendy, kter\u00e9 v\u00e1m p\u0159esn\u011b porad\u00ed, jak\u00e9 \u0161aty na v\u00e1\u0161 velk\u00fd den obl\u00e9knout.\u00a0 \u00a0\u00a0\u00a0\u00a0\u00a0\u00a0\u00a0\u00a0\u00a0\u00a0\u00a0\u00a0\u00a0\u00a0\u00a0\u00a0\u00a0\u00a0\u00a0\u00a0\u00a0\u00a0\u00a0\u00a0 \u00b7\u00a0\u00a0\u00a0\u00a0\u00a0\u00a0\u00a0\u00a0 Romantika st\u00e1le p\u0159evl\u00e1d\u00e1 Dobr\u00e1 zpr\u00e1va pro v\u0161echny romanti\u010dky. Letos, jako ka\u017ed\u00fd rok, budou v\u00a0kurzu dlouh\u00e9 nab\u00edran\u00e9 sukn\u011b, v\u00fd\u0161ivky, krajky nebo i dlouh\u00e9 [&hellip;]","datePublished":"2019-05-20","dateModified":"2023-04-29","author":{"@type":"Person","@id":"https:\/\/www.demaster.cz\/author\/#Person","name":"demaster.cz\n","url":"https:\/\/www.demaster.cz\/author\/","identifier":1,"image":{"@type":"ImageObject","@id":"https:\/\/secure.gravatar.com\/avatar\/bbaa4e9a58aac4329fe0ade0f3fb816f09f0dc43c21f6e884dccfbc124b16b29?s=96&d=mm&r=g","url":"https:\/\/secure.gravatar.com\/avatar\/bbaa4e9a58aac4329fe0ade0f3fb816f09f0dc43c21f6e884dccfbc124b16b29?s=96&d=mm&r=g","height":96,"width":96}},"publisher":{"@type":"Organization","name":"demaster.cz","logo":{"@type":"ImageObject","@id":"\/logo.png","url":"\/logo.png","width":600,"height":60}},"image":{"@type":"ImageObject","@id":"https:\/\/www.demaster.cz\/wp-content\/uploads\/img_a345358_w2070_t1559036688.jpg","url":"https:\/\/www.demaster.cz\/wp-content\/uploads\/img_a345358_w2070_t1559036688.jpg","height":0,"width":0},"url":"https:\/\/www.demaster.cz\/planujete-letos-svatbu-a-vite-jake-saty-budou-v-kurzu\/","about":["M\u00f3da"],"wordCount":438,"articleBody":"Pl\u00e1nujete leto\u0161n\u00ed rok kone\u010dn\u011b svatbu a nev\u00edte, jak\u00e9 \u0161aty na takovou slavnostn\u00ed p\u0159\u00edle\u017eitost zvolit? Co se inspirovat t\u0159eba aktu\u00e1ln\u00edmi trendy, kter\u00e9 v\u00e1m p\u0159esn\u011b porad\u00ed, jak\u00e9 \u0161aty na v\u00e1\u0161 velk\u00fd den obl\u00e9knout.\u00a0\u00a0\u00a0\u00a0\u00a0\u00a0\u00a0\u00a0\u00a0\u00a0\u00a0\u00a0\u00a0\u00a0\u00a0\u00a0\u00a0\u00a0\u00a0\u00a0\u00a0\u00a0\u00a0\u00a0\u00a0\u00b7\u00a0\u00a0\u00a0\u00a0\u00a0\u00a0\u00a0\u00a0 Romantika st\u00e1le p\u0159evl\u00e1d\u00e1Dobr\u00e1 zpr\u00e1va pro v\u0161echny romanti\u010dky. Letos, jako ka\u017ed\u00fd rok, budou v\u00a0kurzu dlouh\u00e9 nab\u00edran\u00e9 sukn\u011b, v\u00fd\u0161ivky, krajky nebo i dlouh\u00e9 zdobn\u00e9 z\u00e1voje. Co se t\u00fd\u010de barvy, tak pokud vsad\u00edte na klasiku, rozhodn\u011b nic nezkaz\u00edte. Do vlas\u016f si nechte zapl\u00e9st v\u011bne\u010dek z\u00a0opravdov\u00fdch kv\u011btin a r\u00e1zem z\u00a0v\u00e1s bude ta nejkr\u00e1sn\u011bj\u0161\u00ed nev\u011bsta pod sluncem.\u00a0\u00b7\u00a0\u00a0\u00a0\u00a0\u00a0\u00a0\u00a0\u00a0 Sukn\u011b nebo \u0161aty?M\u00edsto klasick\u00e9 vle\u010dky se letos na sc\u00e9nu dostane sukn\u011b, kter\u00e1 nap\u016fl p\u0159ekr\u00fdv\u00e1 spodn\u00ed vrstvu, kdy se m\u016f\u017ee jednat o dlouh\u00e9, ale i kr\u00e1tk\u00e9 \u0161aty. Pokud sleduje nejnov\u011bj\u0161\u00ed m\u00f3dn\u00ed trendy, tak v\u00e1m tento rozhodn\u011b nesm\u00ed uj\u00edt.\u00a0\u00b7\u00a0\u00a0\u00a0\u00a0\u00a0\u00a0\u00a0\u00a0 Stup\u0148ovit\u00e1 sukn\u011bKter\u00e1 nev\u011bsta by nesnila o poh\u00e1dkov\u00fdch \u0161atech s\u00a0ob\u0159\u00ed nab\u00edranou sukn\u00ed? Pokud pat\u0159\u00edte i vy mezi jej\u00ed p\u0159\u00edznivkyn\u011b, tak v\u00e1s jist\u011b pot\u011b\u0161\u00ed, \u017ee je op\u011bt v\u00a0m\u00f3d\u011b. Tento rok toti\u017e ovl\u00e1dnou m\u00f3dn\u00ed salony hlavn\u011b nab\u00edran\u00e9 kask\u00e1dov\u00e9 sukn\u011b spole\u010dn\u011b a nab\u00edran\u00fdmi vol\u00e1ny.\u00a0\u00b7\u00a0\u00a0\u00a0\u00a0\u00a0\u00a0\u00a0\u00a0 KorzetySn\u00edte o dokonal\u00e9m dekoltu, kter\u00fd v\u00e1m spolehliv\u011b vykouzl\u00ed pr\u00e1v\u011b korzet? Pak se m\u011bjte na pozoru, proto\u017ee korzety jsou op\u011bt v\u00a0m\u00f3d\u011b. Slu\u0161et bude \u00fatlej\u0161\u00edm nev\u011bst\u00e1m s\u00a0kombinac\u00edm se st\u0159\u00eddm\u00fdm l\u00ed\u010den\u00edm a jemn\u00fdmi dopl\u0148ky. Nikde toti\u017e nesm\u00ed nic p\u0159eb\u00fdvat nebo p\u0159et\u00e9kat.\u00a0\u00b7\u00a0\u00a0\u00a0\u00a0\u00a0\u00a0\u00a0\u00a0 Kv\u011btov\u00e9 ornamentyKv\u011btov\u00e9 ornamenty jsou v\u00a0kurzu i letos. V\u011bt\u0161inou jsou v\u00a0kombinaci s\u00a0n\u011b\u017enou krajkou a vy\u0161it\u00e9 kv\u011bty jsou pouze na parti\u00edch, kter\u00e9 maj\u00ed z\u016fstat ostatn\u00edm skryty.\u00a0\u00b7\u00a0\u00a0\u00a0\u00a0\u00a0\u00a0\u00a0\u00a0 Ma\u0161leI ozdobn\u00e9 ma\u0161le si na\u0161ly cestu do svatebn\u00ed m\u00f3dy. Jej\u00edm c\u00edlem je podtrhnout \u017eensk\u00e9 k\u0159ivky a z\u00e1rove\u0148 nevinnost nev\u011bsty. Na \u0161aty se v\u011bt\u0161inou um\u00eds\u0165uje do pasu, kde ho opticky z\u00fa\u017e\u00ed.\u00a0\u00b7\u00a0\u00a0\u00a0\u00a0\u00a0\u00a0\u00a0\u00a0 BarvaPokud p\u0159em\u00fd\u0161l\u00edte, jakou barvu zvolit, ur\u010dit\u011b ne\u0161l\u00e1pnete vedle, pokud vsad\u00edte na klasiku v\u00a0podob\u011b b\u00edl\u00e9 nebo kr\u00e9mov\u00e9 barvy. Pokud chcete b\u00fdt o n\u011bco odv\u00e1\u017en\u011bj\u0161\u00ed, nebojte se zvolit \u0161aty v\u00a0r\u016f\u017eov\u00fdch nebo \u010derven\u00fdch odst\u00ednech, kter\u00e9 jsou letos obzvl\u00e1\u0161\u0165 v\u00a0kurzu.\u00a0                                                                                                                                                                                                                                                                                                                                                                                        4.4\/5 - (5 votes)        "},{"@context":"https:\/\/schema.org\/","@type":"BreadcrumbList","itemListElement":[{"@type":"ListItem","position":1,"name":"Pl\u00e1nujete letos svatbu? A v\u00edte, jak\u00e9 \u0161aty budou v kurzu?","item":"https:\/\/www.demaster.cz\/planujete-letos-svatbu-a-vite-jake-saty-budou-v-kurzu\/#breadcrumbitem"}]}]