[{"@context":"https:\/\/schema.org\/","@type":"Article","@id":"https:\/\/www.demaster.cz\/vase-vlastni-navrhy-radi-privitame\/#Article","mainEntityOfPage":"https:\/\/www.demaster.cz\/vase-vlastni-navrhy-radi-privitame\/","headline":"Va\u0161e vlastn\u00ed n\u00e1vrhy r\u00e1di p\u0159iv\u00edt\u00e1me","name":"Va\u0161e vlastn\u00ed n\u00e1vrhy r\u00e1di p\u0159iv\u00edt\u00e1me","description":"Chcete-li rekonstruovat svoji lo\u017enici, jist\u011b m\u00e1te ji\u017e vlastn\u00ed vizi, jak by m\u011bla vypadat. Pokud m\u00e1te z\u00e1jem o n\u00e1bytek na m\u00edru, kontaktujte n\u00e1s! Jsme rodinn\u00e1 spole\u010dnost a specializujeme se na v\u00fdrobu vestav\u011bn\u00fdch sk\u0159\u00edn\u00ed Praha. Po Va\u0161\u00ed objedn\u00e1vce k V\u00e1m p\u0159ijedeme a zm\u011b\u0159\u00edme ve\u0161ker\u00e9 prostory, aby byl hotov\u00fd model t\u00edm nejdokonalej\u0161\u00edm. K v\u00fdrob\u011b pou\u017e\u00edv\u00e1me ty nejkvalitn\u011bj\u0161\u00ed a [&hellip;]","datePublished":"2024-11-11","dateModified":"2024-11-11","author":{"@type":"Person","@id":"https:\/\/www.demaster.cz\/author\/#Person","name":"demaster.cz\n","url":"https:\/\/www.demaster.cz\/author\/","identifier":1,"image":{"@type":"ImageObject","@id":"https:\/\/secure.gravatar.com\/avatar\/bbaa4e9a58aac4329fe0ade0f3fb816f09f0dc43c21f6e884dccfbc124b16b29?s=96&d=mm&r=g","url":"https:\/\/secure.gravatar.com\/avatar\/bbaa4e9a58aac4329fe0ade0f3fb816f09f0dc43c21f6e884dccfbc124b16b29?s=96&d=mm&r=g","height":96,"width":96}},"publisher":{"@type":"Organization","name":"demaster.cz","logo":{"@type":"ImageObject","@id":"\/logo.png","url":"\/logo.png","width":600,"height":60}},"url":"https:\/\/www.demaster.cz\/vase-vlastni-navrhy-radi-privitame\/","wordCount":174,"articleBody":"Chcete-li rekonstruovat svoji lo\u017enici, jist\u011b m\u00e1te ji\u017e vlastn\u00ed vizi, jak by m\u011bla vypadat. Pokud m\u00e1te z\u00e1jem o n\u00e1bytek na m\u00edru, kontaktujte n\u00e1s! Jsme rodinn\u00e1 spole\u010dnost a specializujeme se na v\u00fdrobu vestav\u011bn\u00fdch sk\u0159\u00edn\u00ed Praha. Po Va\u0161\u00ed objedn\u00e1vce k V\u00e1m p\u0159ijedeme a zm\u011b\u0159\u00edme ve\u0161ker\u00e9 prostory, aby byl hotov\u00fd model t\u00edm nejdokonalej\u0161\u00edm. K v\u00fdrob\u011b pou\u017e\u00edv\u00e1me ty nejkvalitn\u011bj\u0161\u00ed a nejpevn\u011bj\u0161\u00ed materi\u00e1ly.Do jak\u00e9hokoliv pokojeHled\u00e1te-li prvot\u0159\u00eddn\u00ed vybaven\u00ed, po\u0159i\u010fte si jedny z na\u0161ich vestav\u011bn\u00fdch sk\u0159\u00edn\u00ed. Ty vyr\u00e1b\u00edme p\u0159\u00edmo na m\u00edru dle Va\u0161eho voln\u00e9ho prostoru. Jsou vhodn\u00e9 do v\u0161ech pokoj\u016f, av\u0161ak nejv\u00edce si je z\u00e1kazn\u00edci nech\u00e1vaj\u00ed postavit do lo\u017enice nebo chodby. U n\u00e1s si vyb\u00edr\u00e1te z mnoha r\u016fzn\u00fdch dek\u00f3r\u016f. Jist\u011b si zvol\u00edte barvu, kter\u00e1 bude ladit k interi\u00e9ru Va\u0161ich m\u00edstnosti.                                                                                                                                                                                                                                                                                                                                                                                        3.7\/5 - (7 votes)        "},{"@context":"https:\/\/schema.org\/","@type":"BreadcrumbList","itemListElement":[{"@type":"ListItem","position":1,"name":"Va\u0161e vlastn\u00ed n\u00e1vrhy r\u00e1di p\u0159iv\u00edt\u00e1me","item":"https:\/\/www.demaster.cz\/vase-vlastni-navrhy-radi-privitame\/#breadcrumbitem"}]}]